{"id":1433,"date":"2024-09-11T22:30:00","date_gmt":"2024-09-12T01:30:00","guid":{"rendered":"https:\/\/kangaroo.host\/blog\/versao-662-wordpress\/"},"modified":"2024-11-01T23:09:31","modified_gmt":"2024-11-02T02:09:31","slug":"versao-662-wordpress","status":"publish","type":"post","link":"https:\/\/kangaroo.host\/blog\/versao-662-wordpress\/","title":{"rendered":"WordPress 6.6.2 &#8211; Confira a nova vers\u00e3o"},"content":{"rendered":"\n<p>Ol\u00e1 de novo, Kangaroozinho. Que bom te ver por aqui! No \u00faltimo dia 10, o WordPress lan\u00e7ou sua mais nova vers\u00e3o, uma vers\u00e3o de manuten\u00e7\u00e3o numerada como 6.6.2 e que veio com a proposta de corrigir alguns bugs encontrados na plataforma.<\/p>\n\n\n\n<p>\u00c9 importante dizer que essa \u00e9 considerada uma vers\u00e3o Minor, e ela visa trazer apenas corre\u00e7\u00f5es de funcionamento, sem implementar nenhum novo recurso na plataforma. Ent\u00e3o, continue conosco neste artigo para conferir quais foram essas corre\u00e7\u00f5es.<\/p>\n\n\n\n<h3 class=\"wp-block-heading\">Sum\u00e1rio<\/h3>\n\n\n\n<ol class=\"wp-block-list\">\n<li>Corre\u00e7\u00f5es no Core<\/li>\n\n\n\n<li>Corre\u00e7\u00f5es no editor<\/li>\n\n\n\n<li>Como atualizar<\/li>\n\n\n\n<li>Conclus\u00e3o<\/li>\n<\/ol>\n\n\n\n<h2 class=\"wp-block-heading\">Corre\u00e7\u00f5es no Core do WordPress<\/h2>\n\n\n\n<p>A nova vers\u00e3o conta com 15 ajustes implementados na base da plataforma, devido a problemas e comportamentos inesperados, que podem ser vistos na lista a seguir:<\/p>\n\n\n\n<ul class=\"wp-block-list\">\n<li><a href=\"https:\/\/core.trac.wordpress.org\/ticket\/60892\" target=\"_blank\" rel=\"noopener\">`text-wrap: balance;`adiciona novas linhas n\u00e3o intencionais em japon\u00eas<\/a><\/li>\n\n\n\n<li><a href=\"https:\/\/core.trac.wordpress.org\/ticket\/61550\" target=\"_blank\" rel=\"noopener\">O conte\u00fado do modelo \u00e9 apagado ao renomear<\/a><\/li>\n\n\n\n<li><a href=\"https:\/\/core.trac.wordpress.org\/ticket\/61561\" target=\"_blank\" rel=\"noopener\">O par\u00e2metro de string de consulta de foco autom\u00e1tico na URL do personalizador est\u00e1 quebrado no WP6.6-RC2<\/a><\/li>\n\n\n\n<li><a href=\"https:\/\/core.trac.wordpress.org\/ticket\/61578\" target=\"_blank\" rel=\"noopener\">Problema com a funcionalidade de pesquisa na se\u00e7\u00e3o de temas instalados<\/a><\/li>\n\n\n\n<li><a href=\"https:\/\/core.trac.wordpress.org\/ticket\/61638\" target=\"_blank\" rel=\"noopener\">Ferramenta de sa\u00fade do site &#8211; Tamanhos de diret\u00f3rio travados no estado de carregamento no WordPress v6.6 RC3<\/a><\/li>\n\n\n\n<li><a href=\"https:\/\/core.trac.wordpress.org\/ticket\/61690\" target=\"_blank\" rel=\"noopener\">wp_calculate_image_srcset dispara avisos quando WP_CONTENT_URL \u00e9 uma URL relativa<\/a><\/li>\n\n\n\n<li><a href=\"https:\/\/core.trac.wordpress.org\/ticket\/61704\" target=\"_blank\" rel=\"noopener\">A regra global-styles-inline-css introduz mudan\u00e7as dr\u00e1sticas &#8221; :root :where(body)&#8221;<\/a><\/li>\n\n\n\n<li><a href=\"https:\/\/core.trac.wordpress.org\/ticket\/61714\" target=\"_blank\" rel=\"noopener\">O texto &#8220;Nenhum&#8221; desapareceu do Align Display no WordPress 6.6<\/a><\/li>\n\n\n\n<li><a href=\"https:\/\/core.trac.wordpress.org\/ticket\/61719\" target=\"_blank\" rel=\"noopener\">WP_HTML_Tag_Processor n\u00e3o permite definir uma fonte de imagem v\u00e1lida<\/a><\/li>\n\n\n\n<li><a href=\"https:\/\/core.trac.wordpress.org\/ticket\/61738\" target=\"_blank\" rel=\"noopener\">Documenta\u00e7\u00e3o: Melhoria da documenta\u00e7\u00e3o para incluir recomenda\u00e7\u00f5es para alterar itens de menu da barra de administra\u00e7\u00e3o existentes<\/a><\/li>\n\n\n\n<li><a href=\"https:\/\/core.trac.wordpress.org\/ticket\/61741\" target=\"_blank\" rel=\"noopener\">API de interatividade: as diretivas n\u00e3o podem acessar propriedades de estado derivadas no servidor<\/a><\/li>\n\n\n\n<li><a href=\"https:\/\/core.trac.wordpress.org\/ticket\/61748\" target=\"_blank\" rel=\"noopener\">Definir o bloco de bot\u00f5es como estilo de estrutura de t\u00f3picos faz com que a ordem de sa\u00edda CSS mude e cause conflitos<\/a><\/li>\n\n\n\n<li><a href=\"https:\/\/core.trac.wordpress.org\/ticket\/61749\" target=\"_blank\" rel=\"noopener\">`wp_list_pages()` profundidade de `0` pode mostrar apenas o n\u00edvel superior das p\u00e1ginas<\/a><\/li>\n\n\n\n<li><a href=\"https:\/\/core.trac.wordpress.org\/ticket\/61769\" target=\"_blank\" rel=\"noopener\">Estilos globais: evite regras CSS vazias e seletores malformados para CSS personalizado para blocos<\/a><\/li>\n\n\n\n<li><a href=\"https:\/\/core.trac.wordpress.org\/ticket\/61829\" target=\"_blank\" rel=\"noopener\">Alguns estilos de layout aumentaram a especificidade no WordPress 6.6 dentro do editor n\u00e3o-iframed<\/a><\/li>\n<\/ul>\n\n\n\n<p>Dentre todos esses problemas, apenas um foi catalogado com tendo um n\u00edvel de prioridade alto, que \u00e9 o desaparecimento da op\u00e7\u00e3o &#8220;Nenhum&#8221; na configura\u00e7\u00e3o de exibi\u00e7\u00e3o de alinhamento, o que de fato \u00e9 problem\u00e1tico por ser uma fun\u00e7\u00e3o a menos.<\/p>\n\n\n\n<p>O problema ocorria desde a \u00faltima grande vers\u00e3o do WordPress, ou seja, desde o lan\u00e7amento da vers\u00e3o 6.6, e afetava diretamente o componente I18N. Ao que indica o relat\u00f3rio do problema, a op\u00e7\u00e3o de fato ainda existia, mas sem texto, o que poderia dificultar o seu uso.<\/p>\n\n\n\n<figure class=\"wp-block-image size-full\"><img decoding=\"async\" src=\"https:\/\/kangaroo.host\/blog\/wp-content\/uploads\/2024\/11\/missing-text-none.png\" alt=\"Texto &quot;Nenhum&quot; ausente na vers\u00e3o 6.6.2 do WordPress\" class=\"wp-image-9431\"\/><figcaption class=\"wp-element-caption\">Fonte: Relat\u00f3rio de problemas do WordPress, dispon\u00edvel em: https:\/\/core.trac.wordpress.org\/ticket\/61714#no0<\/figcaption><\/figure>\n\n\n\n<h2 class=\"wp-block-heading\">Corre\u00e7\u00f5es no Editor de blocos com a vers\u00e3o 6.6.2<\/h2>\n\n\n\n<p>Assim como o core recebeu diversos novos ajustes e melhorias, o mesmo ocorreu para o editor de blocos, que tem sido um dos itens em que o WordPress mais tem posto esfor\u00e7os para melhorar nas \u00faltimas grandes atualiza\u00e7\u00f5es.<\/p>\n\n\n\n<p>O editor recebeu 11 melhorias no total, que s\u00e3o:<\/p>\n\n\n\n<ul class=\"wp-block-list\">\n<li><a href=\"https:\/\/github.com\/WordPress\/gutenberg\/pull\/63980\" target=\"_blank\" rel=\"noopener\">Estilos globais: Corrigir seletores de pseudoelementos CSS personalizados em bloco<\/a><\/li>\n\n\n\n<li><a href=\"https:\/\/github.com\/WordPress\/gutenberg\/pull\/64463\" target=\"_blank\" rel=\"noopener\">Bloco de imagem em destaque: reduza a especificidade do CSS<\/a><\/li>\n\n\n\n<li><a href=\"https:\/\/github.com\/WordPress\/gutenberg\/pull\/64076\" target=\"_blank\" rel=\"noopener\">Corrigir especificidade aumentada para estilos de layout em editor n\u00e3o-iframed<\/a><\/li>\n\n\n\n<li><a href=\"https:\/\/github.com\/WordPress\/gutenberg\/pull\/64379\" target=\"_blank\" rel=\"noopener\">N\u00e3o permitir duplica\u00e7\u00e3o de partes de modelo em temas n\u00e3o baseados em blocos<\/a><\/li>\n\n\n\n<li><a href=\"https:\/\/github.com\/WordPress\/gutenberg\/pull\/64250\" target=\"_blank\" rel=\"noopener\">Visualiza\u00e7\u00f5es de dados: n\u00e3o renderizar modal de a\u00e7\u00e3o quando n\u00e3o houver itens qualificados<\/a><\/li>\n\n\n\n<li><a href=\"https:\/\/github.com\/WordPress\/gutenberg\/pull\/63724\" target=\"_blank\" rel=\"noopener\">Corrigir problemas de tela removendo a altura do VisualEditor<\/a><\/li>\n\n\n\n<li><a href=\"https:\/\/github.com\/WordPress\/gutenberg\/pull\/64992\" target=\"_blank\" rel=\"noopener\">Editor de postagem: corrige espa\u00e7o de clique ap\u00f3s o conte\u00fado da postagem para anexar<\/a><\/li>\n\n\n\n<li><a href=\"https:\/\/github.com\/WordPress\/gutenberg\/pull\/63939\" target=\"_blank\" rel=\"noopener\">Editor de postagem: Impedir que o popover seja ocultado pelo metabox<\/a><\/li>\n\n\n\n<li><a href=\"https:\/\/github.com\/WordPress\/gutenberg\/pull\/64639\" target=\"_blank\" rel=\"noopener\">Editor de postagem: aplique espa\u00e7o abaixo do conte\u00fado usando um pseudoelemento em vez de padding-bottom<\/a><\/li>\n\n\n\n<li><a href=\"https:\/\/github.com\/WordPress\/gutenberg\/pull\/64015\" target=\"_blank\" rel=\"noopener\">Evite erros para tipos de postagem sem um &#8216;menu_icon&#8217;<\/a><\/li>\n\n\n\n<li><a href=\"https:\/\/github.com\/WordPress\/gutenberg\/pull\/64458\" target=\"_blank\" rel=\"noopener\">Atualizar a depend\u00eancia postcss-prefixwrap para 1.51.0 para corrigir prefixos em seletores :where<\/a><\/li>\n<\/ul>\n\n\n\n<p>De maneira geral, houve um grande foco em corrigir quest\u00f5es relacionadas aos comportamentos de estilos\/css, ajudando a garantir uma maior consist\u00eancia nos estilos e visuais criados com o WP.<\/p>\n\n\n\n\n\n<figure class=\"wp-block-image size-full\"><img decoding=\"async\" src=\"https:\/\/kangaroo.host\/blog\/wp-content\/uploads\/2024\/11\/Atualizacao-wordpress-versao-6.6.2-disponivel.jpg\" alt=\"Atualizacao wordpress versao 6.6.2 disponivel\" class=\"wp-image-9439\"\/><\/figure>\n\n\n\n<h2 class=\"wp-block-heading\">Conclus\u00e3o<\/h2>\n\n\n\n<p>A nova vers\u00e3o 6.6.2 vem com 26 corre\u00e7\u00f5es e melhorias da plataforma, mas que n\u00e3o necessariamente s\u00e3o ajustes cr\u00edticos ou de seguran\u00e7a. Por esse motivo, n\u00e3o \u00e9 necess\u00e1rio uma grande urg\u00eancia na atualiza\u00e7\u00e3o, podendo ser aguardado cerca de uma semana para garantir a estabilidade antes de realmente fazer o update.<\/p>\n\n\n\n<p>Melhorias nunca s\u00e3o demais, com toda certeza, mas toda atualiza\u00e7\u00e3o sempre possui um risco em potencial. Por isso, \u00e9 prudente sempre aguardar alguns dias ap\u00f3s uma atualiza\u00e7\u00e3o n\u00e3o cr\u00edtica ser lan\u00e7ada, e fica aqui essa nossa sugest\u00e3o para seus pr\u00f3ximos updates.<\/p>\n\n\n\n<p>Se gostou deste artigo, n\u00e3o deixe de continuar acompanhando <a href=\"\/blog\">nosso blog<\/a> para encontrar mais dicas e, claro, novidades, sobre o WordPress. Nos vemos na pr\u00f3xima o\/<\/p>\n","protected":false},"excerpt":{"rendered":"<p>Ol\u00e1 de novo, Kangaroozinho. Que bom te ver por aqui! No \u00faltimo dia 10, o WordPress lan\u00e7ou sua mais nova vers\u00e3o, uma vers\u00e3o de manuten\u00e7\u00e3o numerada como 6.6.2 e que veio com a proposta de corrigir alguns bugs encontrados na plataforma. \u00c9 importante dizer que essa \u00e9 considerada uma vers\u00e3o Minor, e ela visa trazer [&hellip;]<\/p>\n","protected":false},"author":1,"featured_media":1437,"comment_status":"open","ping_status":"open","sticky":false,"template":"","format":"standard","meta":{"footnotes":""},"categories":[12],"tags":[405,55,406,32,57,20],"class_list":["post-1433","post","type-post","status-publish","format-standard","has-post-thumbnail","hentry","category-wordpress","tag-6-6-2","tag-atualizacao","tag-nova","tag-site","tag-versao","tag-wordpress"],"_links":{"self":[{"href":"https:\/\/kangaroo.host\/blog\/wp-json\/wp\/v2\/posts\/1433","targetHints":{"allow":["GET"]}}],"collection":[{"href":"https:\/\/kangaroo.host\/blog\/wp-json\/wp\/v2\/posts"}],"about":[{"href":"https:\/\/kangaroo.host\/blog\/wp-json\/wp\/v2\/types\/post"}],"author":[{"embeddable":true,"href":"https:\/\/kangaroo.host\/blog\/wp-json\/wp\/v2\/users\/1"}],"replies":[{"embeddable":true,"href":"https:\/\/kangaroo.host\/blog\/wp-json\/wp\/v2\/comments?post=1433"}],"version-history":[{"count":0,"href":"https:\/\/kangaroo.host\/blog\/wp-json\/wp\/v2\/posts\/1433\/revisions"}],"wp:featuredmedia":[{"embeddable":true,"href":"https:\/\/kangaroo.host\/blog\/wp-json\/wp\/v2\/media\/1437"}],"wp:attachment":[{"href":"https:\/\/kangaroo.host\/blog\/wp-json\/wp\/v2\/media?parent=1433"}],"wp:term":[{"taxonomy":"category","embeddable":true,"href":"https:\/\/kangaroo.host\/blog\/wp-json\/wp\/v2\/categories?post=1433"},{"taxonomy":"post_tag","embeddable":true,"href":"https:\/\/kangaroo.host\/blog\/wp-json\/wp\/v2\/tags?post=1433"}],"curies":[{"name":"wp","href":"https:\/\/api.w.org\/{rel}","templated":true}]}}